{"id":3257,"date":"2018-10-16T16:09:27","date_gmt":"2018-10-16T14:09:27","guid":{"rendered":"https:\/\/atelier-hybrid.com\/pro\/oosteo\/blog\/?p=3257"},"modified":"2020-01-20T15:45:00","modified_gmt":"2020-01-20T15:45:00","slug":"enfants-devant-les-ecrans-la-science-dit-non","status":"publish","type":"post","link":"https:\/\/oosteo.com\/blog\/2018\/10\/enfants-devant-les-ecrans-la-science-dit-non\/","title":{"rendered":"Enfants devant les \u00e9crans ? La science dit non !"},"content":{"rendered":"\n<p>Au cours des derni\u00e8res ann\u00e9es, le temps pass\u00e9 devant divers \u00e9crans, notamment les t\u00e9l\u00e9viseurs, les jeux vid\u00e9os, les smartphones et les ordinateurs, a consid\u00e9rablement augment\u00e9. Les \u00e9crans ont ainsi adopt\u00e9 une place privil\u00e9gi\u00e9e au sein des foyers, et les enfants y ont acc\u00e8s \u00e0 un \u00e2ge de plus en plus pr\u00e9coce.\n\nFace \u00e0 ce ph\u00e9nom\u00e8ne r\u00e9cent, il est important d\u2019\u00e9valuer l\u2019impact que cette nouvelle tendance pourrait produire sur le d\u00e9veloppement des enfants, afin de pouvoir \u00e9tablir des directives n\u00e9cessaires \u00e0 une campagne de pr\u00e9vention de qualit\u00e9.\n\n&nbsp;\n<\/p>\n\n\n\n<h2 class=\"\">Le d\u00e9veloppement du cerveau de l\u2019enfant<\/h2>\n\n\n\n<p>\nPour construire son intelligence, l\u2019enfant qui vient de na\u00eetre fixe dans son cerveau les informations provenant de son environnement. Chaque interaction entre l\u2019enfant et le monde ext\u00e9rieur laisse comme une trace de m\u00e9moire de l\u2019exp\u00e9rience v\u00e9cue en connectant des neurones. Ces connexions s\u2019appellent les <a href=\"https:\/\/fr.wikipedia.org\/wiki\/Synapse\" target=\"_blank\" rel=\"noopener noreferrer\">synapses<\/a>. Celles-ci commencent \u00e0 se former dans le ventre de la m\u00e8re mais connaissent une augmentation particuli\u00e8rement rapide \u00e0 partir de la naissance avec <strong>700 \u00e0 1000 nouvelles connexions par seconde<\/strong>. Durant les 5 premi\u00e8res ann\u00e9es de la vie, tout ce que l\u2019enfant accomplit ou per\u00e7oit cr\u00e9e une connexion dans son cerveau.\n\nIl est alors \u00e9vident qu\u2019un manque d\u2019exploration durant cette p\u00e9riode <strong>ab\u00eeme la construction de l\u2019intelligence<\/strong>. De la m\u00eame fa\u00e7on qu\u2019une maison b\u00e2tie sur des fondations fragiles alt\u00e8re sa stabilit\u00e9, de faibles connexions neuronales chez l\u2019enfant compromettent son architecture c\u00e9r\u00e9brale \u00e0 l\u2019\u00e2ge adulte.\n\nOn pourrait alors supposer que l\u2019exposition aux \u00e9crans pourrait r\u00e9duire le nombre de connexions neuronales chez l\u2019enfant, ce qui pourrait aboutir \u00e0 de nombreux d\u00e9sordres cognitifs. V\u00e9rifions cette hypoth\u00e8se avec les donn\u00e9es actuelles provenant des \u00e9tudes scientifiques parues sur le sujet.\n\n&nbsp;\n<\/p>\n\n\n\n<h2 class=\"\">L\u2019avis de la science<\/h2>\n\n\n\n<h3 class=\"\">A) Impact de l\u2019exposition aux \u00e9crans sur le langage<\/h3>\n\n\n\n<p>\nDes chercheurs ont cherch\u00e9 \u00e0 \u00e9valuer l\u2019impact d\u00e9l\u00e9t\u00e8re des \u00e9crans et en particulier de la t\u00e9l\u00e9vision sur le d\u00e9veloppement du langage. 1008 parents d\u2019enfants \u00e2g\u00e9s de 2 \u00e0 24 mois ont \u00e9t\u00e9 interrog\u00e9s par t\u00e9l\u00e9phone. Les chercheurs ont \u00e9valu\u00e9 le temps d\u2019exposition \u00e0 la t\u00e9l\u00e9 de leurs enfants et ont ensuite fait remplir aux parents un formulaire permettant d\u2019\u00e9valuer le d\u00e9veloppement de la communication de leurs enfants.\n\nEntre 8 et 16 mois, chaque heure quotidienne de t\u00e9l\u00e9vision soi-disant adapt\u00e9e aux tr\u00e8s jeunes enfants se traduit par un <strong>appauvrissement de leur lexique<\/strong> de l\u2019ordre de 10%. (1)\n\nUne autre \u00e9tude traitant du m\u00eame sujet a montr\u00e9 que chez des sujets de 2 \u00e0 4 ans, deux heures quotidiennes de t\u00e9l\u00e9vision commerciale aboutissent \u00e0 multiplier par trois la probabilit\u00e9 d\u2019observer des <a href=\"https:\/\/www.therapie-comportementale.net\/linfluence-ecrans-vos-enfants-tele-langage\/\" target=\"_blank\" rel=\"noopener noreferrer\">retards de d\u00e9veloppement du langage<\/a>. Si l\u2019enfant est expos\u00e9 quotidiennement \u00e0 la t\u00e9l\u00e9 avant un an, m\u00eame \u00e0 faible dose, le risque est multipli\u00e9 par 6. (2)\n<\/p>\n\n\n\n<h3 class=\"\">B) Impact de l\u2019exposition aux \u00e9crans sur la r\u00e9ussite scolaire<\/h3>\n\n\n\n<p> Des chercheurs ont suivi environ 1000 personnes de l\u2019enfance jusqu\u2019\u00e0 l\u2019\u00e2ge de 26 ans. Ils ont cherch\u00e9 \u00e0 \u00e9valuer si le fait de regarder la t\u00e9l\u00e9 durant leur enfance et leur adolescence a eu un impact n\u00e9gatif sur leurs r\u00e9sultats scolaires \u00e0 long terme. Cette \u00e9tude a permis de conclure que chaque heure de t\u00e9l\u00e9vision consomm\u00e9e quotidiennement \u00e0 l\u2019\u00e9cole primaire augmentait de 43% le risque de voir l\u2019enfant sortir du syst\u00e8me scolaire sans dipl\u00f4me. (3)<\/p>\n\n\n\n<h3 class=\"\">C) Impact de l\u2019exposition aux \u00e9crans sur l\u2019attention<\/h3>\n\n\n\n<p>\nUne \u00e9tude a mis en \u00e9vidence qu\u2019un enfant de moins de 3 ans consommant quotidiennement une heure de t\u00e9l\u00e9vision de divertissement double ses chances de pr\u00e9senter un <a href=\"https:\/\/www.familiprix.com\/fr\/articles\/la-television-pourrait-entrainer-des-troubles-de-l-attention-chez-les-enfants\" target=\"_blank\" rel=\"noopener noreferrer\">trouble de l\u2019attention<\/a> \u00e0 l\u2019\u00e9cole primaire. (4)\n\nPour une consommation identique, un enfant du primaire voit son risque de pr\u00e9senter un trouble de l\u2019attention \u00e0 l\u2019adolescence cro\u00eetre de 50%. (5)\n<\/p>\n\n\n\n<h3 class=\"\">D) Recommandations et directives<\/h3>\n\n\n\n<p><em>L\u2019American academy of pediatrics<\/em> a publi\u00e9 des recommandations \u00e0 destination des parents afin de pr\u00e9venir les effets ind\u00e9sirables vus ci-dessus. Celle-ci sugg\u00e8re tout d\u2019abord de retirer t\u00e9l\u00e9visions, connexions \u00e0 internet et jeux vid\u00e9os des chambres des enfants. Il faudrait ensuite faire des choix de m\u00e9dias adapt\u00e9s aux enfants et les regarder avec eux.\n\nEnfin, <em>l\u2019American academy of pediatrics<\/em> pr\u00e9conise d\u2019\u00e9viter tous les m\u00e9dias \u00e0 \u00e9cran pour les b\u00e9b\u00e9s et nourrissons de moins de deux ans. (6)\n\n&nbsp;\n<\/p>\n\n\n\n<h2 class=\"\">Commentaires et conclusions<\/h2>\n\n\n\n<p>\nLe facteur le plus important dans le d\u00e9veloppement de l\u2019enfant repose sur une <strong>relation positive parent-enfant<\/strong>, caract\u00e9ris\u00e9e par des interactions chaleureuses et affectueuses au cours desquelles les parents et les autres personnes qui s\u2019occupent de l\u2019enfant r\u00e9pondent avec sensibilit\u00e9 aux signaux de l\u2019enfant, en leur proposant des activit\u00e9s adapt\u00e9es \u00e0 leur \u00e2ge, qui les encouragent \u00e0 la <strong>curiosit\u00e9<\/strong>, <strong>l\u2019exploration<\/strong>, <strong>l\u2019exp\u00e9rimentation<\/strong> et <strong>l\u2019apprentissage<\/strong>.\n\nCes exp\u00e9riences riches et multidimensionnelles se d\u00e9roulent obligatoirement dans le monde r\u00e9el \u00e0 travers une exploration pratique et \u00e0 travers les interactions sociales.\nL\u2019exp\u00e9rience de l\u2019enfant \u00e0 travers les \u00e9crans n\u2019offrent pas toutes les riches opportunit\u00e9s que le monde r\u00e9el apporte de mani\u00e8re totalement transparente.\n\nLa r\u00e9alit\u00e9 actuelle est que les jeunes enfants grandissent maintenant dans un monde de technologie. Non seulement les \u00e9crans sont attrayants, mais les enfants voient leurs parents, leurs \u00e9ducateurs et leurs enseignants les utiliser. Ils sont donc naturellement attir\u00e9s par eux et les adultes peuvent avoir facilement tendance \u00e0 les laisser profiter de leurs appareils, au d\u00e9triment de leur bon d\u00e9veloppement&#8230;\n\n&nbsp;\n<\/p>\n\n\n\n<h2 class=\"\">R\u00e9f\u00e9rences<\/h2>\n\n\n\n<p><em>(1). Zimmerman FJ, Christakis DA, Meltzoff AN. Associations between mediaviewing and language development in children under age 2 years. J Pediatr2007;151:364\u20138.<\/em><br><em>(2). Chonchaiya W, Pruksananonda C. Television viewing associates withdelayed language development. Acta Paediatr 2008;97:977\u201382.<\/em><br><em>(3). Hancox RJ, Milne BJ, Poulton R. Association of television viewing duringchildhood with poor educational achievement. Arch Pediatr Adolesc Med2005;159:614\u20138.<\/em><br><em>(4). Zimmerman FJ, Christakis DA. Associations between content types of early media exposure and subsequent attentional problems. Pediatrics2007;120:986\u201392.<\/em><br><em>(5). LandhuisCE,PoultonR,WelchD,etal.Doeschildhoodtelevisionviewinglead to attention problems in adolescence? Results from a prospectivelongitudinal study. Pediatrics 2007;120:532\u20137.<\/em><br><em>(6). American academy of pediatrics. Policy statement \u0306media violence. Pediatrics 2009;124:1495\u2013503.<\/em><\/p>\n","protected":false},"excerpt":{"rendered":"<p>Au cours des derni\u00e8res ann\u00e9es, le temps pass\u00e9 devant divers \u00e9crans, notamment les t\u00e9l\u00e9viseurs, les jeux vid\u00e9os, les smartphones et les ordinateurs, a consid\u00e9rablement augment\u00e9. Les \u00e9crans ont ainsi adopt\u00e9 une place privil\u00e9gi\u00e9e au sein des foyers, et les enfants y ont acc\u00e8s \u00e0 un \u00e2ge de plus en plus pr\u00e9coce. Face \u00e0 ce ph\u00e9nom\u00e8ne [&hellip;]<\/p>\n","protected":false},"author":15,"featured_media":3258,"comment_status":"closed","ping_status":"open","sticky":false,"template":"","format":"standard","meta":{"_acf_changed":false,"_stopmodifiedupdate":false,"_modified_date":"","footnotes":""},"categories":[21],"tags":[],"class_list":["post-3257","post","type-post","status-publish","format-standard","has-post-thumbnail","hentry","category-science-sante-osteopathie"],"acf":[],"_links":{"self":[{"href":"https:\/\/oosteo.com\/blog\/wp-json\/wp\/v2\/posts\/3257"}],"collection":[{"href":"https:\/\/oosteo.com\/blog\/wp-json\/wp\/v2\/posts"}],"about":[{"href":"https:\/\/oosteo.com\/blog\/wp-json\/wp\/v2\/types\/post"}],"author":[{"embeddable":true,"href":"https:\/\/oosteo.com\/blog\/wp-json\/wp\/v2\/users\/15"}],"replies":[{"embeddable":true,"href":"https:\/\/oosteo.com\/blog\/wp-json\/wp\/v2\/comments?post=3257"}],"version-history":[{"count":2,"href":"https:\/\/oosteo.com\/blog\/wp-json\/wp\/v2\/posts\/3257\/revisions"}],"predecessor-version":[{"id":6902,"href":"https:\/\/oosteo.com\/blog\/wp-json\/wp\/v2\/posts\/3257\/revisions\/6902"}],"wp:featuredmedia":[{"embeddable":true,"href":"https:\/\/oosteo.com\/blog\/wp-json\/wp\/v2\/media\/3258"}],"wp:attachment":[{"href":"https:\/\/oosteo.com\/blog\/wp-json\/wp\/v2\/media?parent=3257"}],"wp:term":[{"taxonomy":"category","embeddable":true,"href":"https:\/\/oosteo.com\/blog\/wp-json\/wp\/v2\/categories?post=3257"},{"taxonomy":"post_tag","embeddable":true,"href":"https:\/\/oosteo.com\/blog\/wp-json\/wp\/v2\/tags?post=3257"}],"curies":[{"name":"wp","href":"https:\/\/api.w.org\/{rel}","templated":true}]}}