{"id":5553,"date":"2021-03-03T10:42:10","date_gmt":"2021-03-03T09:42:10","guid":{"rendered":"https:\/\/atelier-hybrid.com\/pro\/oosteo\/blog\/?p=5553"},"modified":"2021-03-17T11:36:00","modified_gmt":"2021-03-17T11:36:00","slug":"syndrome-de-lessuie-glace-et-osteopathie","status":"publish","type":"post","link":"https:\/\/oosteo.com\/blog\/2021\/03\/syndrome-de-lessuie-glace-et-osteopathie\/","title":{"rendered":"Syndrome de l&rsquo;Essuie-glace et Ost\u00e9opathie"},"content":{"rendered":"\n<p>Elle repr\u00e9sente 22% des blessures du membre inf\u00e9rieur et c&rsquo;est la cause la plus fr\u00e9quente des douleurs de la face lat\u00e9rale du genou. Elle, c&rsquo;est la tendinopathie du fascia lata, aussi appel\u00e9e syndrome de la bandelette ilio tibiale ou syndrome de l&rsquo;essuie-glace.\n<strong>Elle touche surtout les pratiquants de course \u00e0 pied et les cyclistes<\/strong>&#8230;\n<\/p>\n\n\n\n<h2 class=\"\">Qu&rsquo;est ce donc que ce syndrome de l&rsquo;essuie glace ?<\/h2>\n\n\n\n<p>\nLe muscle tenseur du fascia lata prend son origine au niveau du bassin (plus pr\u00e9cis\u00e9ment sur la cr\u00eate iliaque) et descend le long de la partie externe de la cuisse pour se terminer sur un tubercule au niveau du tibia (le tubercule de Gerdy).\n<strong>Ce muscle est impliqu\u00e9 dans le mouvement de flexion\/extension de la jambe, qui est pr\u00e9sent \u00e0 la course ou lors d&rsquo;activit\u00e9s de cyclisme par exemple<\/strong>.\n\nLe syndrome de l&rsquo;essuie-glace se manifeste quand la partie tendineuse (situ\u00e9e au niveau du tibia), vient frotter contre le tubercule osseux pendant l&rsquo;activit\u00e9 sportive (\u00e0 cause des flexions et extensions r\u00e9p\u00e9titives du genou). <strong>Ce frottement vient tr\u00e8s souvent s&rsquo;accompagner d&rsquo;un manque de contr\u00f4le moteur de la hanche pendant la course<\/strong> (c&rsquo;est \u00e0 dire une sous-utilisation de cette articulation).\n<\/p>\n\n\n\n<h2 class=\"\">Quels sont les sympt\u00f4mes de l&rsquo;essuie-glace ?<\/h2>\n\n\n\n<p>\nLa personne touch\u00e9e par cette tendinopathie pr\u00e9sente une douleur localis\u00e9e sur la partie externe du genou pendant l&rsquo;activit\u00e9 sportive, n\u00e9cessitant l&rsquo;arr\u00eat de l&rsquo;effort physique. Parfois la douleur est pr\u00e9sente pendant la mont\u00e9e ou descente des escaliers, et peut m\u00eame appara\u00eetre \u00e0 la marche .\n<\/p>\n\n\n\n<h2 class=\"\">Quelles en sont les causes ?<\/h2>\n\n\n\n<p> C&rsquo;est une pathologie multifactorielle, mais <strong>on retrouve tr\u00e8s souvent un probl\u00e8me dans l&rsquo;entra\u00eenement du sportif<\/strong> (trop de volume d&rsquo;entra\u00eenement en kilom\u00e9trage ou en nombre de s\u00e9ances par semaine, un changement trop brutal de surface de course, course sur terrain vallonn\u00e9). Le fait de courir avec des chaussures us\u00e9es pourrait \u00e9galement \u00eatre en cause, via une diff\u00e9rence de hauteur entre les deux semelles (due \u00e0 l&rsquo;usure) . <strong>D&rsquo;autres causes concernent plus l&rsquo;anatomie de coureur, on pense \u00e0 des troubles posturaux<\/strong> (genu varum\/ genu valgum), une dynamique du pied \u00e0 travailler (pied qui part trop vers l&rsquo;int\u00e9rieur pendant la course). <\/p>\n\n\n\n<h2 class=\"\">Quelle prise en charge dans le syndrome de l&rsquo;essuie-glace ?<\/h2>\n\n\n\n<p>\nLa premi\u00e8re chose est d&rsquo;arr\u00eater les activit\u00e9s sportives qui vous provoquent la douleur tant que la cause n&rsquo;a pas \u00e9t\u00e9 trouv\u00e9e.\n\nEnsuite une prise en charge pluridisciplinaire est tr\u00e8s souvent n\u00e9cessaire. <strong>Le kin\u00e9sith\u00e9rapeute se concentrera sur du renforcement musculaire au niveau des genoux et des fessiers<\/strong> (pour travailler les deux insertions du tenseur du fascia lata), des exercices de proprioception et des <a href=\"https:\/\/www.youtube.com\/watch?v=pv9pzpv12cY\" target=\"_blank\" rel=\"noopener noreferrer\">exercices de contr\u00f4le moteur de la hanche.<\/a>\n\nUn passage chez le podologue est recommand\u00e9 afin d&rsquo;avoir une analyse statique et dynamique de votre marche et de votre foul\u00e9e, qui pourra aboutir ou non \u00e0 la prescription de semelles orthop\u00e9diques pour corriger d&rsquo;\u00e9ventuelles malpositions du pied pendant le sport.\n\nEnfin, l&rsquo;ost\u00e9opathe est un acteur cl\u00e9 pour la prise en charge et le traitement de votre tendinopathie.\n<\/p>\n\n\n\n<h2 class=\"\">R\u00f4le de l&rsquo;ost\u00e9opathe dans le syndrome de l&rsquo;essuie-glace<\/h2>\n\n\n\n<p>\nLe r\u00f4le de votre ost\u00e9opathe sera tout d&rsquo;abord de mener un interrogatoire pr\u00e9cis pour identifier une ou plusieurs causes responsables de votre douleur (causes mentionn\u00e9es plus haut). Il s\u2019int\u00e9ressera donc \u00e0 votre sport, votre volume d&rsquo;entrainement, vos chaussures de sport \u2026\n\nPuis il proc\u00e8dera \u00e0 un bilan <strong>en focalisant son attention sur l&rsquo;\u00e9quilibre du bassin, la hanche, le genou et la cheville<\/strong>. Il recherchera des restrictions de mobilit\u00e9 articulaires sur ces diff\u00e9rentes zones, mais \u00e9galement des restrictions ligamentaires et tendineuses qui pourraient accentuer le m\u00e9canisme de la tendinopathie.\n\nGr\u00e2ce \u00e0 des techniques adapt\u00e9es au patient et \u00e0 ses ant\u00e9c\u00e9dents, il viendra corriger les dysfonctions trouv\u00e9es, pour redonner de la mobilit\u00e9 et de la libert\u00e9 aux zones en contrainte.\n<\/p>\n\n\n\n<h2 class=\"\">Les conseils \u00e0 respecter<\/h2>\n\n\n\n<p>\nSi vous \u00eates atteint par un syndrome de l&rsquo;essuie-glace :\n<\/p>\n\n\n\n<ul class=\"wp-block-list\">\n<li>Arr\u00eatez les activit\u00e9s sportives qui provoquent la douleur<\/li>\n\n\n\n<li>V\u00e9rifiez l&rsquo;\u00e9tat d&rsquo;usure de vos chaussures de course et changez les si besoin<\/li>\n\n\n\n<li>Faites des exercices de renforcement musculaire, des exercices de contr\u00f4le moteur du bassin (consultez un kin\u00e9sith\u00e9rapeute)<\/li>\n\n\n\n<li>Eliminez les causes provenant de vos entrainements (trop de volume, d\u00e9nivel\u00e9\u2026)<\/li>\n\n\n\n<li>Consultez votre ost\u00e9opathe pour corriger les restrictions qui jouent sur votre douleur<\/li>\n<\/ul>\n","protected":false},"excerpt":{"rendered":"<p>Elle repr\u00e9sente 22% des blessures du membre inf\u00e9rieur et c&rsquo;est la cause la plus fr\u00e9quente des douleurs de la face lat\u00e9rale du genou. Elle, c&rsquo;est la tendinopathie du fascia lata, aussi appel\u00e9e syndrome de la bandelette ilio tibiale ou syndrome de l&rsquo;essuie-glace. Elle touche surtout les pratiquants de course \u00e0 pied et les cyclistes&#8230; Qu&rsquo;est [&hellip;]<\/p>\n","protected":false},"author":22,"featured_media":5580,"comment_status":"closed","ping_status":"open","sticky":false,"template":"","format":"standard","meta":{"_acf_changed":false,"_stopmodifiedupdate":false,"_modified_date":"","footnotes":""},"categories":[10],"tags":[],"class_list":["post-5553","post","type-post","status-publish","format-standard","has-post-thumbnail","hentry","category-osteopathie-generale"],"acf":[],"_links":{"self":[{"href":"https:\/\/oosteo.com\/blog\/wp-json\/wp\/v2\/posts\/5553"}],"collection":[{"href":"https:\/\/oosteo.com\/blog\/wp-json\/wp\/v2\/posts"}],"about":[{"href":"https:\/\/oosteo.com\/blog\/wp-json\/wp\/v2\/types\/post"}],"author":[{"embeddable":true,"href":"https:\/\/oosteo.com\/blog\/wp-json\/wp\/v2\/users\/22"}],"replies":[{"embeddable":true,"href":"https:\/\/oosteo.com\/blog\/wp-json\/wp\/v2\/comments?post=5553"}],"version-history":[{"count":3,"href":"https:\/\/oosteo.com\/blog\/wp-json\/wp\/v2\/posts\/5553\/revisions"}],"predecessor-version":[{"id":6752,"href":"https:\/\/oosteo.com\/blog\/wp-json\/wp\/v2\/posts\/5553\/revisions\/6752"}],"wp:featuredmedia":[{"embeddable":true,"href":"https:\/\/oosteo.com\/blog\/wp-json\/wp\/v2\/media\/5580"}],"wp:attachment":[{"href":"https:\/\/oosteo.com\/blog\/wp-json\/wp\/v2\/media?parent=5553"}],"wp:term":[{"taxonomy":"category","embeddable":true,"href":"https:\/\/oosteo.com\/blog\/wp-json\/wp\/v2\/categories?post=5553"},{"taxonomy":"post_tag","embeddable":true,"href":"https:\/\/oosteo.com\/blog\/wp-json\/wp\/v2\/tags?post=5553"}],"curies":[{"name":"wp","href":"https:\/\/api.w.org\/{rel}","templated":true}]}}